{"id":1246,"date":"2025-02-03T11:45:37","date_gmt":"2025-02-03T10:45:37","guid":{"rendered":"https:\/\/marinaceuta.com\/reussite-du-voyage-solidaire-de-la-norvege-a-lafrique-trois-amis-terminent-leur-aventure-au-port-de-ceuta\/"},"modified":"2025-02-03T12:14:44","modified_gmt":"2025-02-03T11:14:44","slug":"reussite-du-voyage-solidaire-de-la-norvege-a-lafrique-trois-amis-terminent-leur-aventure-au-port-de-ceuta","status":"publish","type":"post","link":"https:\/\/marinaceuta.com\/fr\/reussite-du-voyage-solidaire-de-la-norvege-a-lafrique-trois-amis-terminent-leur-aventure-au-port-de-ceuta\/","title":{"rendered":"R\u00e9ussite du voyage solidaire de la Norv\u00e8ge \u00e0 l&rsquo;Afrique : trois amis terminent leur aventure au Port de Ceuta"},"content":{"rendered":"\t\t<div data-elementor-type=\"wp-post\" data-elementor-id=\"1246\" class=\"elementor elementor-1246 elementor-1232\" data-elementor-post-type=\"post\">\n\t\t\t\t<div class=\"elementor-element elementor-element-fee8ae2 e-flex e-con-boxed e-con e-parent\" data-id=\"fee8ae2\" data-element_type=\"container\" data-e-type=\"container\">\n\t\t\t\t\t<div class=\"e-con-inner\">\n\t\t\t\t<div class=\"elementor-element elementor-element-f2d5147 elementor-widget elementor-widget-text-editor\" data-id=\"f2d5147\" data-element_type=\"widget\" data-e-type=\"widget\" data-widget_type=\"text-editor.default\">\n\t\t\t\t<div class=\"elementor-widget-container\">\n\t\t\t\t\t\t\t\t\t<p style=\"font-weight: 400;\">Trois amis intr\u00e9pides de Tr\u00f8ndelag, en Norv\u00e8ge, ont achev\u00e9 avec succ\u00e8s leur voyage de solidarit\u00e9 de la Norv\u00e8ge \u00e0 l&rsquo;Afrique. Cette aventure, qui a d\u00e9but\u00e9 \u00e0 Halden, en Norv\u00e8ge, les a conduits \u00e0 parcourir environ 4 050 km \u00e0 la rame, pour se terminer dans le port de plaisance de Ceuta.<\/p>\n<p style=\"font-weight: 400;\">Cette travers\u00e9e, organis\u00e9e dans le but de collecter des fonds et de sensibiliser le public sur le travail de M\u00e9decins Sans Fronti\u00e8res, a constitu\u00e9 une \u00e9tape remarquable dans le domaine de l&rsquo;aviron et de la solidarit\u00e9. Les trois amis ont d\u00e9montr\u00e9 non seulement leur endurance physique et mentale, mais aussi leur engagement en faveur d&rsquo;une cause humanitaire de grande importance. <\/p>\n<p>\u00c0 leur arriv\u00e9e dans notre marina, nous leur avont fournis un bateau avec un skippeur pour les accompagner dans la derni\u00e8re \u00e9tape de leur voyage \u00e0 travers le d\u00e9troit de Gibraltar. Marina Hercules, concessionnaire du port, a manifest\u00e9 son soutien \u00e0 la cause en leur offrant un s\u00e9jour gratuit dans ses installations. De plus, nous leur avons offert le service d&rsquo;\u00e9chouage du bateau, afin de faciliter leur transfert ult\u00e9rieur vers la Norv\u00e8ge.  <\/p>\n\t\t\t\t\t\t\t\t<\/div>\n\t\t\t\t<\/div>\n\t\t\t\t<div class=\"elementor-element elementor-element-266eaee elementor-widget elementor-widget-image\" data-id=\"266eaee\" data-element_type=\"widget\" data-e-type=\"widget\" data-widget_type=\"image.default\">\n\t\t\t\t<div class=\"elementor-widget-container\">\n\t\t\t\t\t\t\t\t\t\t\t\t\t\t\t<img fetchpriority=\"high\" decoding=\"async\" width=\"800\" height=\"681\" src=\"https:\/\/marinaceuta.com\/wp-content\/uploads\/2025\/02\/barco-varado-1024x872.jpg\" class=\"attachment-large size-large wp-image-1240\" alt=\"Barco Varado Marina H\u00e9rcules Ceuta\" srcset=\"https:\/\/marinaceuta.com\/wp-content\/uploads\/2025\/02\/barco-varado-1024x872.jpg 1024w, https:\/\/marinaceuta.com\/wp-content\/uploads\/2025\/02\/barco-varado-300x255.jpg 300w, https:\/\/marinaceuta.com\/wp-content\/uploads\/2025\/02\/barco-varado-768x654.jpg 768w, https:\/\/marinaceuta.com\/wp-content\/uploads\/2025\/02\/barco-varado.jpg 1203w\" sizes=\"(max-width: 800px) 100vw, 800px\" \/>\t\t\t\t\t\t\t\t\t\t\t\t\t\t\t<\/div>\n\t\t\t\t<\/div>\n\t\t\t\t<div class=\"elementor-element elementor-element-0d9bec5 elementor-widget elementor-widget-text-editor\" data-id=\"0d9bec5\" data-element_type=\"widget\" data-e-type=\"widget\" data-widget_type=\"text-editor.default\">\n\t\t\t\t<div class=\"elementor-widget-container\">\n\t\t\t\t\t\t\t\t\t<p style=\"font-weight: 400;\">Depuis Marina Hercules, nous avons mis toutes nos ressources \u00e0 disposition de ces courageux aventuriers pour rendre leur s\u00e9jour \u00e0 Ceuta le plus agr\u00e9able possible. Ce soutien comprend non seulement la cale s\u00e8che pour le transfert de l&#8217;embarcation, mais aussi l&rsquo;hospitalit\u00e9 et le confort n\u00e9cessaire pour qu&rsquo;ils puissent r\u00e9cup\u00e9rer et profiter de leur s\u00e9jour dans la ville de Ceuta. <\/p>\n<p style=\"font-weight: 400;\">Pour Marina Hercules, \u00ab\u00a0c&rsquo;est un honneur de soutenir cette cause\u00a0\u00bb et \u00ab\u00a0nous nous engageons \u00e0 promouvoir la solidarit\u00e9 et les initiatives sportives qui ont un impact positif\u00a0\u00bb.<\/p>\n\t\t\t\t\t\t\t\t<\/div>\n\t\t\t\t<\/div>\n\t\t\t\t\t<\/div>\n\t\t\t\t<\/div>\n\t\t\t\t<\/div>\n\t\t","protected":false},"excerpt":{"rendered":"<p>Trois amis intr\u00e9pides de Tr\u00f8ndelag, en Norv\u00e8ge, ont achev\u00e9 avec succ\u00e8s leur voyage solidaire de la Norv\u00e8ge \u00e0 l&rsquo;Afrique. <\/p>\n","protected":false},"author":1,"featured_media":1235,"comment_status":"closed","ping_status":"open","sticky":false,"template":"","format":"standard","meta":{"footnotes":""},"categories":[29],"tags":[],"class_list":["post-1246","post","type-post","status-publish","format-standard","has-post-thumbnail","hentry","category-non-classifiee"],"yoast_head":"<!-- This site is optimized with the Yoast SEO plugin v28.3 - https:\/\/yoast.com\/product\/yoast-seo-wordpress\/ -->\n<title>Travers\u00e9e solidaire de la Norv\u00e8ge vers l&#039;Afrique Marina de Ceuta<\/title>\n<meta name=\"description\" content=\"Trois amis intr\u00e9pides de Tr\u00f8ndelag, en Norv\u00e8ge, ont r\u00e9ussi leur travers\u00e9e solidaire de la Norv\u00e8ge vers l&#039;Afrique (Ceuta).\" \/>\n<meta name=\"robots\" content=\"index, follow, max-snippet:-1, max-image-preview:large, max-video-preview:-1\" \/>\n<link rel=\"canonical\" href=\"https:\/\/marinaceuta.com\/fr\/reussite-du-voyage-solidaire-de-la-norvege-a-lafrique-trois-amis-terminent-leur-aventure-au-port-de-ceuta\/\" \/>\n<meta property=\"og:locale\" content=\"fr_FR\" \/>\n<meta property=\"og:type\" content=\"article\" \/>\n<meta property=\"og:title\" content=\"Travers\u00e9e solidaire de la Norv\u00e8ge vers l&#039;Afrique Marina de Ceuta\" \/>\n<meta property=\"og:description\" content=\"Trois amis intr\u00e9pides de Tr\u00f8ndelag, en Norv\u00e8ge, ont r\u00e9ussi leur travers\u00e9e solidaire de la Norv\u00e8ge vers l&#039;Afrique (Ceuta).\" \/>\n<meta property=\"og:url\" content=\"https:\/\/marinaceuta.com\/fr\/reussite-du-voyage-solidaire-de-la-norvege-a-lafrique-trois-amis-terminent-leur-aventure-au-port-de-ceuta\/\" \/>\n<meta property=\"og:site_name\" content=\"Marina de Ceuta\" \/>\n<meta property=\"article:publisher\" content=\"https:\/\/www.facebook.com\/marinahercules.puertodeportivodeceuta\" \/>\n<meta property=\"article:published_time\" content=\"2025-02-03T10:45:37+00:00\" \/>\n<meta property=\"article:modified_time\" content=\"2025-02-03T11:14:44+00:00\" \/>\n<meta property=\"og:image\" content=\"https:\/\/marinaceuta.com\/wp-content\/uploads\/2025\/02\/amarre-4.jpg\" \/>\n\t<meta property=\"og:image:width\" content=\"874\" \/>\n\t<meta property=\"og:image:height\" content=\"744\" \/>\n\t<meta property=\"og:image:type\" content=\"image\/jpeg\" \/>\n<meta name=\"author\" content=\"admin\" \/>\n<meta name=\"twitter:card\" content=\"summary_large_image\" \/>\n<meta name=\"twitter:creator\" content=\"@MarinaHercules\" \/>\n<meta name=\"twitter:site\" content=\"@MarinaHercules\" \/>\n<meta name=\"twitter:label1\" content=\"\u00c9crit par\" \/>\n\t<meta name=\"twitter:data1\" content=\"admin\" \/>\n\t<meta name=\"twitter:label2\" content=\"Dur\u00e9e de lecture estim\u00e9e\" \/>\n\t<meta name=\"twitter:data2\" content=\"1 minute\" \/>\n<script type=\"application\/ld+json\" class=\"yoast-schema-graph\">{\"@context\":\"https:\\\/\\\/schema.org\",\"@graph\":[{\"@type\":\"Article\",\"@id\":\"https:\\\/\\\/marinaceuta.com\\\/fr\\\/reussite-du-voyage-solidaire-de-la-norvege-a-lafrique-trois-amis-terminent-leur-aventure-au-port-de-ceuta\\\/#article\",\"isPartOf\":{\"@id\":\"https:\\\/\\\/marinaceuta.com\\\/fr\\\/reussite-du-voyage-solidaire-de-la-norvege-a-lafrique-trois-amis-terminent-leur-aventure-au-port-de-ceuta\\\/\"},\"author\":{\"name\":\"admin\",\"@id\":\"https:\\\/\\\/marinaceuta.com\\\/fr\\\/#\\\/schema\\\/person\\\/23d0e99e58480f2f25c4b82da88a9936\"},\"headline\":\"R\u00e9ussite du voyage solidaire de la Norv\u00e8ge \u00e0 l&rsquo;Afrique : trois amis terminent leur aventure au Port de Ceuta\",\"datePublished\":\"2025-02-03T10:45:37+00:00\",\"dateModified\":\"2025-02-03T11:14:44+00:00\",\"mainEntityOfPage\":{\"@id\":\"https:\\\/\\\/marinaceuta.com\\\/fr\\\/reussite-du-voyage-solidaire-de-la-norvege-a-lafrique-trois-amis-terminent-leur-aventure-au-port-de-ceuta\\\/\"},\"wordCount\":310,\"publisher\":{\"@id\":\"https:\\\/\\\/marinaceuta.com\\\/fr\\\/#organization\"},\"image\":{\"@id\":\"https:\\\/\\\/marinaceuta.com\\\/fr\\\/reussite-du-voyage-solidaire-de-la-norvege-a-lafrique-trois-amis-terminent-leur-aventure-au-port-de-ceuta\\\/#primaryimage\"},\"thumbnailUrl\":\"https:\\\/\\\/marinaceuta.com\\\/wp-content\\\/uploads\\\/2025\\\/02\\\/amarre-4.jpg\",\"articleSection\":[\"Non classifi\u00e9(e)\"],\"inLanguage\":\"fr-FR\"},{\"@type\":\"WebPage\",\"@id\":\"https:\\\/\\\/marinaceuta.com\\\/fr\\\/reussite-du-voyage-solidaire-de-la-norvege-a-lafrique-trois-amis-terminent-leur-aventure-au-port-de-ceuta\\\/\",\"url\":\"https:\\\/\\\/marinaceuta.com\\\/fr\\\/reussite-du-voyage-solidaire-de-la-norvege-a-lafrique-trois-amis-terminent-leur-aventure-au-port-de-ceuta\\\/\",\"name\":\"Travers\u00e9e solidaire de la Norv\u00e8ge vers l'Afrique Marina de Ceuta\",\"isPartOf\":{\"@id\":\"https:\\\/\\\/marinaceuta.com\\\/fr\\\/#website\"},\"primaryImageOfPage\":{\"@id\":\"https:\\\/\\\/marinaceuta.com\\\/fr\\\/reussite-du-voyage-solidaire-de-la-norvege-a-lafrique-trois-amis-terminent-leur-aventure-au-port-de-ceuta\\\/#primaryimage\"},\"image\":{\"@id\":\"https:\\\/\\\/marinaceuta.com\\\/fr\\\/reussite-du-voyage-solidaire-de-la-norvege-a-lafrique-trois-amis-terminent-leur-aventure-au-port-de-ceuta\\\/#primaryimage\"},\"thumbnailUrl\":\"https:\\\/\\\/marinaceuta.com\\\/wp-content\\\/uploads\\\/2025\\\/02\\\/amarre-4.jpg\",\"datePublished\":\"2025-02-03T10:45:37+00:00\",\"dateModified\":\"2025-02-03T11:14:44+00:00\",\"description\":\"Trois amis intr\u00e9pides de Tr\u00f8ndelag, en Norv\u00e8ge, ont r\u00e9ussi leur travers\u00e9e solidaire de la Norv\u00e8ge vers l'Afrique (Ceuta).\",\"breadcrumb\":{\"@id\":\"https:\\\/\\\/marinaceuta.com\\\/fr\\\/reussite-du-voyage-solidaire-de-la-norvege-a-lafrique-trois-amis-terminent-leur-aventure-au-port-de-ceuta\\\/#breadcrumb\"},\"inLanguage\":\"fr-FR\",\"potentialAction\":[{\"@type\":\"ReadAction\",\"target\":[\"https:\\\/\\\/marinaceuta.com\\\/fr\\\/reussite-du-voyage-solidaire-de-la-norvege-a-lafrique-trois-amis-terminent-leur-aventure-au-port-de-ceuta\\\/\"]}]},{\"@type\":\"ImageObject\",\"inLanguage\":\"fr-FR\",\"@id\":\"https:\\\/\\\/marinaceuta.com\\\/fr\\\/reussite-du-voyage-solidaire-de-la-norvege-a-lafrique-trois-amis-terminent-leur-aventure-au-port-de-ceuta\\\/#primaryimage\",\"url\":\"https:\\\/\\\/marinaceuta.com\\\/wp-content\\\/uploads\\\/2025\\\/02\\\/amarre-4.jpg\",\"contentUrl\":\"https:\\\/\\\/marinaceuta.com\\\/wp-content\\\/uploads\\\/2025\\\/02\\\/amarre-4.jpg\",\"width\":874,\"height\":744,\"caption\":\"Exito traves\u00eda de Noruega a Marina H\u00e9rcules Ceuta\"},{\"@type\":\"BreadcrumbList\",\"@id\":\"https:\\\/\\\/marinaceuta.com\\\/fr\\\/reussite-du-voyage-solidaire-de-la-norvege-a-lafrique-trois-amis-terminent-leur-aventure-au-port-de-ceuta\\\/#breadcrumb\",\"itemListElement\":[{\"@type\":\"ListItem\",\"position\":1,\"name\":\"Portada\",\"item\":\"https:\\\/\\\/marinaceuta.com\\\/fr\\\/accueil\\\/\"},{\"@type\":\"ListItem\",\"position\":2,\"name\":\"R\u00e9ussite du voyage solidaire de la Norv\u00e8ge \u00e0 l&rsquo;Afrique : trois amis terminent leur aventure au Port de Ceuta\"}]},{\"@type\":\"WebSite\",\"@id\":\"https:\\\/\\\/marinaceuta.com\\\/fr\\\/#website\",\"url\":\"https:\\\/\\\/marinaceuta.com\\\/fr\\\/\",\"name\":\"Marina H\u00e9rcules\",\"description\":\"Puerto Deportivo Marina de Ceuta\",\"publisher\":{\"@id\":\"https:\\\/\\\/marinaceuta.com\\\/fr\\\/#organization\"},\"potentialAction\":[{\"@type\":\"SearchAction\",\"target\":{\"@type\":\"EntryPoint\",\"urlTemplate\":\"https:\\\/\\\/marinaceuta.com\\\/fr\\\/?s={search_term_string}\"},\"query-input\":{\"@type\":\"PropertyValueSpecification\",\"valueRequired\":true,\"valueName\":\"search_term_string\"}}],\"inLanguage\":\"fr-FR\"},{\"@type\":\"Organization\",\"@id\":\"https:\\\/\\\/marinaceuta.com\\\/fr\\\/#organization\",\"name\":\"Marina H\u00e9rcules\",\"url\":\"https:\\\/\\\/marinaceuta.com\\\/fr\\\/\",\"logo\":{\"@type\":\"ImageObject\",\"inLanguage\":\"fr-FR\",\"@id\":\"https:\\\/\\\/marinaceuta.com\\\/fr\\\/#\\\/schema\\\/logo\\\/image\\\/\",\"url\":\"https:\\\/\\\/marinaceuta.com\\\/wp-content\\\/uploads\\\/2024\\\/07\\\/marina-de-ceuta_LOGO-FINAL.svg\",\"contentUrl\":\"https:\\\/\\\/marinaceuta.com\\\/wp-content\\\/uploads\\\/2024\\\/07\\\/marina-de-ceuta_LOGO-FINAL.svg\",\"width\":365,\"height\":273,\"caption\":\"Marina H\u00e9rcules\"},\"image\":{\"@id\":\"https:\\\/\\\/marinaceuta.com\\\/fr\\\/#\\\/schema\\\/logo\\\/image\\\/\"},\"sameAs\":[\"https:\\\/\\\/www.facebook.com\\\/marinahercules.puertodeportivodeceuta\",\"https:\\\/\\\/x.com\\\/MarinaHercules\",\"https:\\\/\\\/www.instagram.com\\\/marinaherculesceuta?utm_source=ig_web_button_share_sheet&igsh=ZDNlZDc0MzIxNw\"]},{\"@type\":\"Person\",\"@id\":\"https:\\\/\\\/marinaceuta.com\\\/fr\\\/#\\\/schema\\\/person\\\/23d0e99e58480f2f25c4b82da88a9936\",\"name\":\"admin\",\"image\":{\"@type\":\"ImageObject\",\"inLanguage\":\"fr-FR\",\"@id\":\"https:\\\/\\\/secure.gravatar.com\\\/avatar\\\/8861d30f5ade6f59b698b2415cf8686a1ae6c34f374746decfd1b06be813d468?s=96&d=mm&r=g\",\"url\":\"https:\\\/\\\/secure.gravatar.com\\\/avatar\\\/8861d30f5ade6f59b698b2415cf8686a1ae6c34f374746decfd1b06be813d468?s=96&d=mm&r=g\",\"contentUrl\":\"https:\\\/\\\/secure.gravatar.com\\\/avatar\\\/8861d30f5ade6f59b698b2415cf8686a1ae6c34f374746decfd1b06be813d468?s=96&d=mm&r=g\",\"caption\":\"admin\"},\"sameAs\":[\"https:\\\/\\\/marinaceuta.com\"],\"url\":\"https:\\\/\\\/marinaceuta.com\\\/fr\\\/author\\\/admin\\\/\"}]}<\/script>\n<!-- \/ Yoast SEO plugin. -->","yoast_head_json":{"title":"Travers\u00e9e solidaire de la Norv\u00e8ge vers l'Afrique Marina de Ceuta","description":"Trois amis intr\u00e9pides de Tr\u00f8ndelag, en Norv\u00e8ge, ont r\u00e9ussi leur travers\u00e9e solidaire de la Norv\u00e8ge vers l'Afrique (Ceuta).","robots":{"index":"index","follow":"follow","max-snippet":"max-snippet:-1","max-image-preview":"max-image-preview:large","max-video-preview":"max-video-preview:-1"},"canonical":"https:\/\/marinaceuta.com\/fr\/reussite-du-voyage-solidaire-de-la-norvege-a-lafrique-trois-amis-terminent-leur-aventure-au-port-de-ceuta\/","og_locale":"fr_FR","og_type":"article","og_title":"Travers\u00e9e solidaire de la Norv\u00e8ge vers l'Afrique Marina de Ceuta","og_description":"Trois amis intr\u00e9pides de Tr\u00f8ndelag, en Norv\u00e8ge, ont r\u00e9ussi leur travers\u00e9e solidaire de la Norv\u00e8ge vers l'Afrique (Ceuta).","og_url":"https:\/\/marinaceuta.com\/fr\/reussite-du-voyage-solidaire-de-la-norvege-a-lafrique-trois-amis-terminent-leur-aventure-au-port-de-ceuta\/","og_site_name":"Marina de Ceuta","article_publisher":"https:\/\/www.facebook.com\/marinahercules.puertodeportivodeceuta","article_published_time":"2025-02-03T10:45:37+00:00","article_modified_time":"2025-02-03T11:14:44+00:00","og_image":[{"width":874,"height":744,"url":"https:\/\/marinaceuta.com\/wp-content\/uploads\/2025\/02\/amarre-4.jpg","type":"image\/jpeg"}],"author":"admin","twitter_card":"summary_large_image","twitter_creator":"@MarinaHercules","twitter_site":"@MarinaHercules","twitter_misc":{"\u00c9crit par":"admin","Dur\u00e9e de lecture estim\u00e9e":"1 minute"},"schema":{"@context":"https:\/\/schema.org","@graph":[{"@type":"Article","@id":"https:\/\/marinaceuta.com\/fr\/reussite-du-voyage-solidaire-de-la-norvege-a-lafrique-trois-amis-terminent-leur-aventure-au-port-de-ceuta\/#article","isPartOf":{"@id":"https:\/\/marinaceuta.com\/fr\/reussite-du-voyage-solidaire-de-la-norvege-a-lafrique-trois-amis-terminent-leur-aventure-au-port-de-ceuta\/"},"author":{"name":"admin","@id":"https:\/\/marinaceuta.com\/fr\/#\/schema\/person\/23d0e99e58480f2f25c4b82da88a9936"},"headline":"R\u00e9ussite du voyage solidaire de la Norv\u00e8ge \u00e0 l&rsquo;Afrique : trois amis terminent leur aventure au Port de Ceuta","datePublished":"2025-02-03T10:45:37+00:00","dateModified":"2025-02-03T11:14:44+00:00","mainEntityOfPage":{"@id":"https:\/\/marinaceuta.com\/fr\/reussite-du-voyage-solidaire-de-la-norvege-a-lafrique-trois-amis-terminent-leur-aventure-au-port-de-ceuta\/"},"wordCount":310,"publisher":{"@id":"https:\/\/marinaceuta.com\/fr\/#organization"},"image":{"@id":"https:\/\/marinaceuta.com\/fr\/reussite-du-voyage-solidaire-de-la-norvege-a-lafrique-trois-amis-terminent-leur-aventure-au-port-de-ceuta\/#primaryimage"},"thumbnailUrl":"https:\/\/marinaceuta.com\/wp-content\/uploads\/2025\/02\/amarre-4.jpg","articleSection":["Non classifi\u00e9(e)"],"inLanguage":"fr-FR"},{"@type":"WebPage","@id":"https:\/\/marinaceuta.com\/fr\/reussite-du-voyage-solidaire-de-la-norvege-a-lafrique-trois-amis-terminent-leur-aventure-au-port-de-ceuta\/","url":"https:\/\/marinaceuta.com\/fr\/reussite-du-voyage-solidaire-de-la-norvege-a-lafrique-trois-amis-terminent-leur-aventure-au-port-de-ceuta\/","name":"Travers\u00e9e solidaire de la Norv\u00e8ge vers l'Afrique Marina de Ceuta","isPartOf":{"@id":"https:\/\/marinaceuta.com\/fr\/#website"},"primaryImageOfPage":{"@id":"https:\/\/marinaceuta.com\/fr\/reussite-du-voyage-solidaire-de-la-norvege-a-lafrique-trois-amis-terminent-leur-aventure-au-port-de-ceuta\/#primaryimage"},"image":{"@id":"https:\/\/marinaceuta.com\/fr\/reussite-du-voyage-solidaire-de-la-norvege-a-lafrique-trois-amis-terminent-leur-aventure-au-port-de-ceuta\/#primaryimage"},"thumbnailUrl":"https:\/\/marinaceuta.com\/wp-content\/uploads\/2025\/02\/amarre-4.jpg","datePublished":"2025-02-03T10:45:37+00:00","dateModified":"2025-02-03T11:14:44+00:00","description":"Trois amis intr\u00e9pides de Tr\u00f8ndelag, en Norv\u00e8ge, ont r\u00e9ussi leur travers\u00e9e solidaire de la Norv\u00e8ge vers l'Afrique (Ceuta).","breadcrumb":{"@id":"https:\/\/marinaceuta.com\/fr\/reussite-du-voyage-solidaire-de-la-norvege-a-lafrique-trois-amis-terminent-leur-aventure-au-port-de-ceuta\/#breadcrumb"},"inLanguage":"fr-FR","potentialAction":[{"@type":"ReadAction","target":["https:\/\/marinaceuta.com\/fr\/reussite-du-voyage-solidaire-de-la-norvege-a-lafrique-trois-amis-terminent-leur-aventure-au-port-de-ceuta\/"]}]},{"@type":"ImageObject","inLanguage":"fr-FR","@id":"https:\/\/marinaceuta.com\/fr\/reussite-du-voyage-solidaire-de-la-norvege-a-lafrique-trois-amis-terminent-leur-aventure-au-port-de-ceuta\/#primaryimage","url":"https:\/\/marinaceuta.com\/wp-content\/uploads\/2025\/02\/amarre-4.jpg","contentUrl":"https:\/\/marinaceuta.com\/wp-content\/uploads\/2025\/02\/amarre-4.jpg","width":874,"height":744,"caption":"Exito traves\u00eda de Noruega a Marina H\u00e9rcules Ceuta"},{"@type":"BreadcrumbList","@id":"https:\/\/marinaceuta.com\/fr\/reussite-du-voyage-solidaire-de-la-norvege-a-lafrique-trois-amis-terminent-leur-aventure-au-port-de-ceuta\/#breadcrumb","itemListElement":[{"@type":"ListItem","position":1,"name":"Portada","item":"https:\/\/marinaceuta.com\/fr\/accueil\/"},{"@type":"ListItem","position":2,"name":"R\u00e9ussite du voyage solidaire de la Norv\u00e8ge \u00e0 l&rsquo;Afrique : trois amis terminent leur aventure au Port de Ceuta"}]},{"@type":"WebSite","@id":"https:\/\/marinaceuta.com\/fr\/#website","url":"https:\/\/marinaceuta.com\/fr\/","name":"Marina H\u00e9rcules","description":"Puerto Deportivo Marina de Ceuta","publisher":{"@id":"https:\/\/marinaceuta.com\/fr\/#organization"},"potentialAction":[{"@type":"SearchAction","target":{"@type":"EntryPoint","urlTemplate":"https:\/\/marinaceuta.com\/fr\/?s={search_term_string}"},"query-input":{"@type":"PropertyValueSpecification","valueRequired":true,"valueName":"search_term_string"}}],"inLanguage":"fr-FR"},{"@type":"Organization","@id":"https:\/\/marinaceuta.com\/fr\/#organization","name":"Marina H\u00e9rcules","url":"https:\/\/marinaceuta.com\/fr\/","logo":{"@type":"ImageObject","inLanguage":"fr-FR","@id":"https:\/\/marinaceuta.com\/fr\/#\/schema\/logo\/image\/","url":"https:\/\/marinaceuta.com\/wp-content\/uploads\/2024\/07\/marina-de-ceuta_LOGO-FINAL.svg","contentUrl":"https:\/\/marinaceuta.com\/wp-content\/uploads\/2024\/07\/marina-de-ceuta_LOGO-FINAL.svg","width":365,"height":273,"caption":"Marina H\u00e9rcules"},"image":{"@id":"https:\/\/marinaceuta.com\/fr\/#\/schema\/logo\/image\/"},"sameAs":["https:\/\/www.facebook.com\/marinahercules.puertodeportivodeceuta","https:\/\/x.com\/MarinaHercules","https:\/\/www.instagram.com\/marinaherculesceuta?utm_source=ig_web_button_share_sheet&igsh=ZDNlZDc0MzIxNw"]},{"@type":"Person","@id":"https:\/\/marinaceuta.com\/fr\/#\/schema\/person\/23d0e99e58480f2f25c4b82da88a9936","name":"admin","image":{"@type":"ImageObject","inLanguage":"fr-FR","@id":"https:\/\/secure.gravatar.com\/avatar\/8861d30f5ade6f59b698b2415cf8686a1ae6c34f374746decfd1b06be813d468?s=96&d=mm&r=g","url":"https:\/\/secure.gravatar.com\/avatar\/8861d30f5ade6f59b698b2415cf8686a1ae6c34f374746decfd1b06be813d468?s=96&d=mm&r=g","contentUrl":"https:\/\/secure.gravatar.com\/avatar\/8861d30f5ade6f59b698b2415cf8686a1ae6c34f374746decfd1b06be813d468?s=96&d=mm&r=g","caption":"admin"},"sameAs":["https:\/\/marinaceuta.com"],"url":"https:\/\/marinaceuta.com\/fr\/author\/admin\/"}]}},"_links":{"self":[{"href":"https:\/\/marinaceuta.com\/fr\/wp-json\/wp\/v2\/posts\/1246","targetHints":{"allow":["GET"]}}],"collection":[{"href":"https:\/\/marinaceuta.com\/fr\/wp-json\/wp\/v2\/posts"}],"about":[{"href":"https:\/\/marinaceuta.com\/fr\/wp-json\/wp\/v2\/types\/post"}],"author":[{"embeddable":true,"href":"https:\/\/marinaceuta.com\/fr\/wp-json\/wp\/v2\/users\/1"}],"replies":[{"embeddable":true,"href":"https:\/\/marinaceuta.com\/fr\/wp-json\/wp\/v2\/comments?post=1246"}],"version-history":[{"count":2,"href":"https:\/\/marinaceuta.com\/fr\/wp-json\/wp\/v2\/posts\/1246\/revisions"}],"predecessor-version":[{"id":1250,"href":"https:\/\/marinaceuta.com\/fr\/wp-json\/wp\/v2\/posts\/1246\/revisions\/1250"}],"wp:featuredmedia":[{"embeddable":true,"href":"https:\/\/marinaceuta.com\/fr\/wp-json\/wp\/v2\/media\/1235"}],"wp:attachment":[{"href":"https:\/\/marinaceuta.com\/fr\/wp-json\/wp\/v2\/media?parent=1246"}],"wp:term":[{"taxonomy":"category","embeddable":true,"href":"https:\/\/marinaceuta.com\/fr\/wp-json\/wp\/v2\/categories?post=1246"},{"taxonomy":"post_tag","embeddable":true,"href":"https:\/\/marinaceuta.com\/fr\/wp-json\/wp\/v2\/tags?post=1246"}],"curies":[{"name":"wp","href":"https:\/\/api.w.org\/{rel}","templated":true}]}}